{"id":196,"date":"2022-01-14T09:42:00","date_gmt":"2022-01-14T08:42:00","guid":{"rendered":"https:\/\/blog.agrofortis.pl\/?p=196"},"modified":"2023-08-29T09:45:38","modified_gmt":"2023-08-29T07:45:38","slug":"warmia-i-mazury-inwestycyjny-handicap","status":"publish","type":"post","link":"https:\/\/blog.agrofortis.pl\/index.php\/2022\/01\/14\/warmia-i-mazury-inwestycyjny-handicap\/","title":{"rendered":"Warmia i Mazury &#8211; inwestycyjny handicap"},"content":{"rendered":"\t\t<div data-elementor-type=\"wp-post\" data-elementor-id=\"196\" class=\"elementor elementor-196\">\n\t\t\t\t\t\t\t\t\t<section class=\"elementor-section elementor-top-section elementor-element elementor-element-6e5f574 elementor-section-boxed elementor-section-height-default elementor-section-height-default\" data-id=\"6e5f574\" data-element_type=\"section\">\n\t\t\t\t\t\t<div class=\"elementor-container elementor-column-gap-default\">\n\t\t\t\t\t<div class=\"elementor-column elementor-col-100 elementor-top-column elementor-element elementor-element-f08be1a\" data-id=\"f08be1a\" data-element_type=\"column\">\n\t\t\t<div class=\"elementor-widget-wrap elementor-element-populated\">\n\t\t\t\t\t\t\t\t<div class=\"elementor-element elementor-element-5fe20e5 elementor-widget elementor-widget-image\" data-id=\"5fe20e5\" data-element_type=\"widget\" data-widget_type=\"image.default\">\n\t\t\t\t<div class=\"elementor-widget-container\">\n\t\t\t<style>\/*! elementor - v3.15.0 - 20-08-2023 *\/\n.elementor-widget-image{text-align:center}.elementor-widget-image a{display:inline-block}.elementor-widget-image a img[src$=\".svg\"]{width:48px}.elementor-widget-image img{vertical-align:middle;display:inline-block}<\/style>\t\t\t\t\t\t\t\t\t\t\t\t<img decoding=\"async\" loading=\"lazy\" width=\"1024\" height=\"256\" src=\"https:\/\/blog.agrofortis.pl\/wp-content\/uploads\/2023\/08\/13-1024x256.png\" class=\"attachment-large size-large wp-image-20\" alt=\"\" srcset=\"https:\/\/blog.agrofortis.pl\/wp-content\/uploads\/2023\/08\/13-1024x256.png 1024w, https:\/\/blog.agrofortis.pl\/wp-content\/uploads\/2023\/08\/13-300x75.png 300w, https:\/\/blog.agrofortis.pl\/wp-content\/uploads\/2023\/08\/13-768x192.png 768w, https:\/\/blog.agrofortis.pl\/wp-content\/uploads\/2023\/08\/13.png 1200w\" sizes=\"(max-width: 1024px) 100vw, 1024px\" \/>\t\t\t\t\t\t\t\t\t\t\t\t\t\t\t<\/div>\n\t\t\t\t<\/div>\n\t\t\t\t\t<\/div>\n\t\t<\/div>\n\t\t\t\t\t\t\t<\/div>\n\t\t<\/section>\n\t\t\t\t<section class=\"elementor-section elementor-top-section elementor-element elementor-element-e99c68b elementor-section-boxed elementor-section-height-default elementor-section-height-default\" data-id=\"e99c68b\" data-element_type=\"section\">\n\t\t\t\t\t\t<div class=\"elementor-container elementor-column-gap-default\">\n\t\t\t\t\t<div class=\"elementor-column elementor-col-100 elementor-top-column elementor-element elementor-element-9cd8002\" data-id=\"9cd8002\" data-element_type=\"column\">\n\t\t\t<div class=\"elementor-widget-wrap elementor-element-populated\">\n\t\t\t\t\t\t\t\t<div class=\"elementor-element elementor-element-e18bce9 elementor-widget elementor-widget-text-editor\" data-id=\"e18bce9\" data-element_type=\"widget\" data-widget_type=\"text-editor.default\">\n\t\t\t\t<div class=\"elementor-widget-container\">\n\t\t\t<style>\/*! elementor - v3.15.0 - 20-08-2023 *\/\n.elementor-widget-text-editor.elementor-drop-cap-view-stacked .elementor-drop-cap{background-color:#69727d;color:#fff}.elementor-widget-text-editor.elementor-drop-cap-view-framed .elementor-drop-cap{color:#69727d;border:3px solid;background-color:transparent}.elementor-widget-text-editor:not(.elementor-drop-cap-view-default) .elementor-drop-cap{margin-top:8px}.elementor-widget-text-editor:not(.elementor-drop-cap-view-default) .elementor-drop-cap-letter{width:1em;height:1em}.elementor-widget-text-editor .elementor-drop-cap{float:left;text-align:center;line-height:1;font-size:50px}.elementor-widget-text-editor .elementor-drop-cap-letter{display:inline-block}<\/style>\t\t\t\t<p>Wojew\u00f3dztwo warmi\u0144sko-mazurskie niew\u0105tpliwie nale\u017cy do jednych z najbardziej atrakcyjnych, pod wzgl\u0119dem turystyki, region\u00f3w Polski, stanowi\u0105c tym samym interesuj\u0105ce miejsce dla inwestor\u00f3w.<br \/><br \/>Obecnie, do wiod\u0105cych dziedzin gospodarki wojew\u00f3dztwa warmi\u0144sko-mazurskiego, mo\u017cna zaliczy\u0107 turystyk\u0119, produkcj\u0119 zdrowej \u017cywno\u015bci, przemys\u0142 drzewny, produkcj\u0119 maszyn i urz\u0105dze\u0144, gdzie stosuje si\u0119 czyste technologie przemys\u0142owe i korzysta z odnawialnych \u017ar\u00f3de\u0142 energii, proekologiczn\u0105 gospodark\u0119 le\u015bn\u0105, produkcj\u0119 jacht\u00f3w oraz ekoturystyk\u0119.<br \/><br \/>Rosn\u0105ca \u015bwiadomo\u015b\u0107 spo\u0142eczna oraz zasada odpowiedzialnego biznesu zaczyna na Mazurach odgrywa\u0107 coraz wi\u0119ksz\u0105 rol\u0119. Ro\u015bnie liczba lokalnych przedsi\u0119biorstw, kt\u00f3re \u015bwiadomie realizuj\u0105 strategi\u0119 zr\u00f3wnowa\u017conego rozwoju, d\u0105\u017c\u0105c do zwi\u0119kszenia przychod\u00f3w z jednoczesnym zachowaniem u\u017cyteczno\u015bci spo\u0142ecznej oraz ekologicznej.<br \/><br \/>Warmia i Mazury maj\u0105 znacz\u0105cy potencja\u0142 do tworzenia kadr dla innowacyjnej gospodarki.<br \/>Region dysponuje doskona\u0142\u0105 kadr\u0105 kilku tysi\u0119cy naukowc\u00f3w, za\u015b na samym Uniwersytecie Warmi\u0144sko-Mazurskim pracuje ok. 2 tysi\u0119cy nauczycieli akademickich. Tym samym uniwersytet jest jednym z najwi\u0119kszych pracodawc\u00f3w w regionie.<br \/>Z roku na rok inwestycje poniesione w wojew\u00f3dztwie na infrastruktur\u0119 naukowo-badawcz\u0105 s\u0105 coraz wy\u017csze.<br \/><br \/>Ostatnie lata przynios\u0142y Warmii i Mazurom znacz\u0105ce sukcesy zwi\u0105zane z inwestycj\u0105 w dziedzinie bada\u0144 i rozwoju, kt\u00f3rych celem jest istotny rozw\u00f3j zaplecza naukowo-badawczego i zdobycie pozycji o\u015brodka na poziomie europejskim i \u015bwiatowym.<\/p>\t\t\t\t\t\t<\/div>\n\t\t\t\t<\/div>\n\t\t\t\t\t<\/div>\n\t\t<\/div>\n\t\t\t\t\t\t\t<\/div>\n\t\t<\/section>\n\t\t\t\t\t\t\t<\/div>\n\t\t","protected":false},"excerpt":{"rendered":"<p>Wojew\u00f3dztwo warmi\u0144sko-mazurskie niew\u0105tpliwie nale\u017cy do jednych z najbardziej atrakcyjnych, pod wzgl\u0119dem turystyki, region\u00f3w Polski, stanowi\u0105c tym samym interesuj\u0105ce miejsce dla inwestor\u00f3w. Obecnie, do wiod\u0105cych dziedzin gospodarki wojew\u00f3dztwa warmi\u0144sko-mazurskiego, mo\u017cna zaliczy\u0107 turystyk\u0119, produkcj\u0119 zdrowej \u017cywno\u015bci, przemys\u0142 drzewny, produkcj\u0119 maszyn i urz\u0105dze\u0144, gdzie stosuje si\u0119 czyste technologie przemys\u0142owe i korzysta z odnawialnych \u017ar\u00f3de\u0142 energii, proekologiczn\u0105 gospodark\u0119 le\u015bn\u0105, produkcj\u0119 jacht\u00f3w oraz ekoturystyk\u0119. Rosn\u0105ca \u015bwiadomo\u015b\u0107 spo\u0142eczna oraz zasada odpowiedzialnego biznesu zaczyna na Mazurach odgrywa\u0107 coraz wi\u0119ksz\u0105 rol\u0119. Ro\u015bnie liczba &hellip;<\/p>\n<p class=\"read-more\"> <a class=\"\" href=\"https:\/\/blog.agrofortis.pl\/index.php\/2022\/01\/14\/warmia-i-mazury-inwestycyjny-handicap\/\"> <span class=\"screen-reader-text\">Warmia i Mazury &#8211; inwestycyjny handicap<\/span> Read More &raquo;<\/a><\/p>\n","protected":false},"author":2,"featured_media":68,"comment_status":"closed","ping_status":"closed","sticky":false,"template":"","format":"standard","meta":{"site-sidebar-layout":"default","site-content-layout":"","ast-site-content-layout":"","site-content-style":"default","site-sidebar-style":"default","ast-global-header-display":"","ast-banner-title-visibility":"","ast-main-header-display":"","ast-hfb-above-header-display":"","ast-hfb-below-header-display":"","ast-hfb-mobile-header-display":"","site-post-title":"","ast-breadcrumbs-content":"","ast-featured-img":"","footer-sml-layout":"","theme-transparent-header-meta":"","adv-header-id-meta":"","stick-header-meta":"","header-above-stick-meta":"","header-main-stick-meta":"","header-below-stick-meta":"","astra-migrate-meta-layouts":"","footnotes":""},"categories":[5],"tags":[9,14,15,21],"_links":{"self":[{"href":"https:\/\/blog.agrofortis.pl\/index.php\/wp-json\/wp\/v2\/posts\/196"}],"collection":[{"href":"https:\/\/blog.agrofortis.pl\/index.php\/wp-json\/wp\/v2\/posts"}],"about":[{"href":"https:\/\/blog.agrofortis.pl\/index.php\/wp-json\/wp\/v2\/types\/post"}],"author":[{"embeddable":true,"href":"https:\/\/blog.agrofortis.pl\/index.php\/wp-json\/wp\/v2\/users\/2"}],"replies":[{"embeddable":true,"href":"https:\/\/blog.agrofortis.pl\/index.php\/wp-json\/wp\/v2\/comments?post=196"}],"version-history":[{"count":5,"href":"https:\/\/blog.agrofortis.pl\/index.php\/wp-json\/wp\/v2\/posts\/196\/revisions"}],"predecessor-version":[{"id":201,"href":"https:\/\/blog.agrofortis.pl\/index.php\/wp-json\/wp\/v2\/posts\/196\/revisions\/201"}],"wp:featuredmedia":[{"embeddable":true,"href":"https:\/\/blog.agrofortis.pl\/index.php\/wp-json\/wp\/v2\/media\/68"}],"wp:attachment":[{"href":"https:\/\/blog.agrofortis.pl\/index.php\/wp-json\/wp\/v2\/media?parent=196"}],"wp:term":[{"taxonomy":"category","embeddable":true,"href":"https:\/\/blog.agrofortis.pl\/index.php\/wp-json\/wp\/v2\/categories?post=196"},{"taxonomy":"post_tag","embeddable":true,"href":"https:\/\/blog.agrofortis.pl\/index.php\/wp-json\/wp\/v2\/tags?post=196"}],"curies":[{"name":"wp","href":"https:\/\/api.w.org\/{rel}","templated":true}]}}